{"id":530,"__str__":"Requerimento n\u00ba 21 de 2026","link_detail_backend":"/materia/530","metadata":{},"numero":21,"ano":2026,"numero_protocolo":30,"data_apresentacao":"2026-03-11","tipo_apresentacao":"E","data_publicacao":null,"numero_origem_externa":"","ano_origem_externa":null,"data_origem_externa":null,"apelido":"","dias_prazo":null,"data_fim_prazo":null,"em_tramitacao":true,"polemica":false,"objeto":"","complementar":false,"ementa":"Solicita ao chefe do Executivo deste munic\u00edpio, a cria\u00e7\u00e3o de programa de incentivo \u00e0 produ\u00e7\u00e3o acad\u00eamica sobre o munic\u00edpio de Pedra Lavrada por estudantes benefici\u00e1rios do transporte universit\u00e1rio.","indexacao":"","observacao":"","resultado":"","texto_original":"http://sapl.pedralavrada.pb.leg.br/media/sapl/public/materialegislativa/2026/530/req_21-2026_-_ian_cordeiro.pdf","data_ultima_atualizacao":"2026-03-13T10:00:31.628123-03:00","ip":"45.225.235.75","ultima_edicao":"2026-03-13T10:00:31.626435-03:00","tipo":6,"regime_tramitacao":1,"tipo_origem_externa":null,"local_origem_externa":null,"user":2,"anexadas":[],"autores":[29]}