{"id":524,"__str__":"Requerimento n\u00ba 15 de 2026","link_detail_backend":"/materia/524","metadata":{},"numero":15,"ano":2026,"numero_protocolo":24,"data_apresentacao":"2026-03-10","tipo_apresentacao":"E","data_publicacao":null,"numero_origem_externa":"","ano_origem_externa":null,"data_origem_externa":null,"apelido":"","dias_prazo":null,"data_fim_prazo":null,"em_tramitacao":true,"polemica":false,"objeto":"","complementar":false,"ementa":"Solicita ao chefe do Executivo deste munic\u00edpio, a cria\u00e7\u00e3o de Programa Municipal de Apoio \u00e0s Fam\u00edlias de Crian\u00e7as com Transtorno do Espectro Autista (TEA).","indexacao":"","observacao":"","resultado":"","texto_original":"http://sapl.pedralavrada.pb.leg.br/media/sapl/public/materialegislativa/2026/524/req_15-2026_-_gilson_ferreira.pdf","data_ultima_atualizacao":"2026-03-13T09:50:47.388938-03:00","ip":"45.225.235.75","ultima_edicao":"2026-03-13T09:50:47.387228-03:00","tipo":6,"regime_tramitacao":1,"tipo_origem_externa":null,"local_origem_externa":null,"user":2,"anexadas":[],"autores":[5]}